{"id":53,"date":"2018-10-02T23:42:05","date_gmt":"2018-10-02T21:42:05","guid":{"rendered":"http:\/\/www.souslesoleildemarseille.fr\/?p=53"},"modified":"2018-10-02T23:42:05","modified_gmt":"2018-10-02T21:42:05","slug":"ou-apprecier-un-coucher-de-soleil-a-marseille","status":"publish","type":"post","link":"https:\/\/www.souslesoleildemarseille.fr\/index.php\/2018\/10\/02\/ou-apprecier-un-coucher-de-soleil-a-marseille\/","title":{"rendered":"O\u00f9 appr\u00e9cier un coucher de soleil \u00e0 Marseille ?"},"content":{"rendered":"<ol>\n<li>ND de la Garde (attention au vent)<\/li>\n<li>MuCem\/parvis de La Major<\/li>\n<li>plages du Prado<\/li>\n<li>vieux port<\/li>\n<li>Les Catalans\/corniche<\/li>\n<\/ol>\n<ul>\n<li>parler du coucher derri\u00e8re le Frioul ou les \u00eeles des calanques<\/li>\n<\/ul>\n","protected":false},"excerpt":{"rendered":"<p>ND de la Garde (attention au vent) MuCem\/parvis de La Major plages du Prado vieux port Les Catalans\/corniche parler du<\/p>\n","protected":false},"author":1,"featured_media":0,"comment_status":"open","ping_status":"open","sticky":false,"template":"","format":"standard","meta":[],"categories":[3],"tags":[],"_links":{"self":[{"href":"https:\/\/www.souslesoleildemarseille.fr\/index.php\/wp-json\/wp\/v2\/posts\/53"}],"collection":[{"href":"https:\/\/www.souslesoleildemarseille.fr\/index.php\/wp-json\/wp\/v2\/posts"}],"about":[{"href":"https:\/\/www.souslesoleildemarseille.fr\/index.php\/wp-json\/wp\/v2\/types\/post"}],"author":[{"embeddable":true,"href":"https:\/\/www.souslesoleildemarseille.fr\/index.php\/wp-json\/wp\/v2\/users\/1"}],"replies":[{"embeddable":true,"href":"https:\/\/www.souslesoleildemarseille.fr\/index.php\/wp-json\/wp\/v2\/comments?post=53"}],"version-history":[{"count":1,"href":"https:\/\/www.souslesoleildemarseille.fr\/index.php\/wp-json\/wp\/v2\/posts\/53\/revisions"}],"predecessor-version":[{"id":54,"href":"https:\/\/www.souslesoleildemarseille.fr\/index.php\/wp-json\/wp\/v2\/posts\/53\/revisions\/54"}],"wp:attachment":[{"href":"https:\/\/www.souslesoleildemarseille.fr\/index.php\/wp-json\/wp\/v2\/media?parent=53"}],"wp:term":[{"taxonomy":"category","embeddable":true,"href":"https:\/\/www.souslesoleildemarseille.fr\/index.php\/wp-json\/wp\/v2\/categories?post=53"},{"taxonomy":"post_tag","embeddable":true,"href":"https:\/\/www.souslesoleildemarseille.fr\/index.php\/wp-json\/wp\/v2\/tags?post=53"}],"curies":[{"name":"wp","href":"https:\/\/api.w.org\/{rel}","templated":true}]}}